{"id":999,"date":"2025-12-03T14:12:58","date_gmt":"2025-12-03T13:12:58","guid":{"rendered":"https:\/\/ondavioleta.com\/?p=999"},"modified":"2025-12-03T14:12:59","modified_gmt":"2025-12-03T13:12:59","slug":"salud-derecho-o-bien-de-mercado","status":"publish","type":"post","link":"https:\/\/ondavioleta.com\/?p=999","title":{"rendered":"Salud: derecho o bien de mercado"},"content":{"rendered":"\n<p>Charlamos con Aurora Baez, periodista de El Salto, y una doctora que ha preferido mantenerse en el anonimato sobre es esc\u00e1ndalo de los cribados del c\u00e1ncer en Andaluc\u00eda y tratamos de hacer un an\u00e1lisis un poco m\u00e1s profundo: el peligro que supone para la clase trabajadora que se privatice el sistema sanitario. Esperamos que os guste.<\/p>\n\n\n\n<iframe src=\"https:\/\/www.ivoox.com\/player_ej_163715667_6_1.html?c1=8f4a44\" width=\"100%\" height=\"200\" frameborder=\"0\" allowfullscreen=\"\" scrolling=\"no\" loading=\"lazy\"><\/iframe>\n\n\n\n<figure class=\"wp-block-image size-full\"><img loading=\"lazy\" decoding=\"async\" width=\"690\" height=\"493\" src=\"https:\/\/ondavioleta.com\/wp-content\/uploads\/2025\/12\/Portada-2.jpg\" alt=\"\" class=\"wp-image-1000\" srcset=\"https:\/\/ondavioleta.com\/wp-content\/uploads\/2025\/12\/Portada-2.jpg 690w, https:\/\/ondavioleta.com\/wp-content\/uploads\/2025\/12\/Portada-2-300x214.jpg 300w, https:\/\/ondavioleta.com\/wp-content\/uploads\/2025\/12\/Portada-2-360x257.jpg 360w\" sizes=\"auto, (max-width: 690px) 100vw, 690px\" \/><\/figure>\n","protected":false},"excerpt":{"rendered":"<p>Charlamos con Aurora Baez, periodista de El Salto, y una doctora que ha preferido mantenerse en el anonimato sobre es esc\u00e1ndalo de los cribados del c\u00e1ncer en Andaluc\u00eda y tratamos de hacer un an\u00e1lisis un poco m\u00e1s profundo: el peligro <a href=\"https:\/\/ondavioleta.com\/?p=999\" class=\"read-more\">Leer m\u00e1s&#8230;<\/a><\/p>\n","protected":false},"author":26,"featured_media":0,"comment_status":"closed","ping_status":"open","sticky":false,"template":"","format":"standard","meta":{"footnotes":""},"categories":[1],"tags":[47],"class_list":["post-999","post","type-post","status-publish","format-standard","hentry","category-sin-categoria","tag-radio-comunitaria"],"_links":{"self":[{"href":"https:\/\/ondavioleta.com\/index.php?rest_route=\/wp\/v2\/posts\/999","targetHints":{"allow":["GET"]}}],"collection":[{"href":"https:\/\/ondavioleta.com\/index.php?rest_route=\/wp\/v2\/posts"}],"about":[{"href":"https:\/\/ondavioleta.com\/index.php?rest_route=\/wp\/v2\/types\/post"}],"author":[{"embeddable":true,"href":"https:\/\/ondavioleta.com\/index.php?rest_route=\/wp\/v2\/users\/26"}],"replies":[{"embeddable":true,"href":"https:\/\/ondavioleta.com\/index.php?rest_route=%2Fwp%2Fv2%2Fcomments&post=999"}],"version-history":[{"count":2,"href":"https:\/\/ondavioleta.com\/index.php?rest_route=\/wp\/v2\/posts\/999\/revisions"}],"predecessor-version":[{"id":1002,"href":"https:\/\/ondavioleta.com\/index.php?rest_route=\/wp\/v2\/posts\/999\/revisions\/1002"}],"wp:attachment":[{"href":"https:\/\/ondavioleta.com\/index.php?rest_route=%2Fwp%2Fv2%2Fmedia&parent=999"}],"wp:term":[{"taxonomy":"category","embeddable":true,"href":"https:\/\/ondavioleta.com\/index.php?rest_route=%2Fwp%2Fv2%2Fcategories&post=999"},{"taxonomy":"post_tag","embeddable":true,"href":"https:\/\/ondavioleta.com\/index.php?rest_route=%2Fwp%2Fv2%2Ftags&post=999"}],"curies":[{"name":"wp","href":"https:\/\/api.w.org\/{rel}","templated":true}]}}