{"id":817,"date":"2023-09-26T22:39:07","date_gmt":"2023-09-26T20:39:07","guid":{"rendered":"https:\/\/ondavioleta.com\/?p=817"},"modified":"2023-10-28T17:48:42","modified_gmt":"2023-10-28T15:48:42","slug":"carril-bici_-semana-europea-de-la-movilidad","status":"publish","type":"post","link":"https:\/\/ondavioleta.com\/?p=817","title":{"rendered":"Carril Bici_ Semana europea de la movilidad"},"content":{"rendered":"\n<p>Con motivo de la celebraci\u00f3n de la semana europea por la movilidad, Pepe Campana entrevista a Jos\u00e9 Luis Mu\u00f1oz y a Juan Pedro Garc\u00eda Cervig\u00f3n, miembros de la Asociaci\u00f3n Vecinal Poetas Dehesa de la Villa, quienes hablar\u00e1n de una interesant\u00edsima propuesta realizada al ayuntamiento de instalar un carril bici que unir\u00eda el Paseo de la Castellana a la altura de Cuzco con Cardenal Herrera Oria y que cuenta con m\u00faltiples apoyos de asociaciones vecinales y entidades.<\/p>\n\n\n\n<audio class=\"wp-audio-shortcode\" id=\"audio-817-1\" preload=\"none\" style=\"width: 100%;\" controls=\"controls\"><source type=\"audio\/mpeg\" src=\"https:\/\/www.ivoox.com\/carril-bici-semana-europea-movilidad_md_116711794_wp_1.mp3?_=1\" \/><a href=\"https:\/\/www.ivoox.com\/carril-bici-semana-europea-movilidad_md_116711794_wp_1.mp3\">https:\/\/www.ivoox.com\/carril-bici-semana-europea-movilidad_md_116711794_wp_1.mp3<\/a><\/audio>\n","protected":false},"excerpt":{"rendered":"<p>Con motivo de la celebraci\u00f3n de la semana europea por la movilidad, Pepe Campana entrevista a Jos\u00e9 Luis Mu\u00f1oz y a Juan Pedro Garc\u00eda Cervig\u00f3n, miembros de la Asociaci\u00f3n Vecinal Poetas Dehesa de la Villa, quienes hablar\u00e1n de una interesant\u00edsima <a href=\"https:\/\/ondavioleta.com\/?p=817\" class=\"read-more\">Leer m\u00e1s&#8230;<\/a><\/p>\n","protected":false},"author":17,"featured_media":818,"comment_status":"closed","ping_status":"open","sticky":false,"template":"","format":"standard","meta":{"footnotes":""},"categories":[18],"tags":[54,52,50,51,53,56,49,55],"class_list":["post-817","post","type-post","status-publish","format-standard","has-post-thumbnail","hentry","category-entrevistas","tag-aavv-poetas-dehesa-de-la-villa","tag-carril-bici","tag-ciudad","tag-contaminacion","tag-entreista","tag-madrid-ciclista","tag-movilidad","tag-propuesta-al-ayuntamiento"],"_links":{"self":[{"href":"https:\/\/ondavioleta.com\/index.php?rest_route=\/wp\/v2\/posts\/817","targetHints":{"allow":["GET"]}}],"collection":[{"href":"https:\/\/ondavioleta.com\/index.php?rest_route=\/wp\/v2\/posts"}],"about":[{"href":"https:\/\/ondavioleta.com\/index.php?rest_route=\/wp\/v2\/types\/post"}],"author":[{"embeddable":true,"href":"https:\/\/ondavioleta.com\/index.php?rest_route=\/wp\/v2\/users\/17"}],"replies":[{"embeddable":true,"href":"https:\/\/ondavioleta.com\/index.php?rest_route=%2Fwp%2Fv2%2Fcomments&post=817"}],"version-history":[{"count":1,"href":"https:\/\/ondavioleta.com\/index.php?rest_route=\/wp\/v2\/posts\/817\/revisions"}],"predecessor-version":[{"id":819,"href":"https:\/\/ondavioleta.com\/index.php?rest_route=\/wp\/v2\/posts\/817\/revisions\/819"}],"wp:featuredmedia":[{"embeddable":true,"href":"https:\/\/ondavioleta.com\/index.php?rest_route=\/wp\/v2\/media\/818"}],"wp:attachment":[{"href":"https:\/\/ondavioleta.com\/index.php?rest_route=%2Fwp%2Fv2%2Fmedia&parent=817"}],"wp:term":[{"taxonomy":"category","embeddable":true,"href":"https:\/\/ondavioleta.com\/index.php?rest_route=%2Fwp%2Fv2%2Fcategories&post=817"},{"taxonomy":"post_tag","embeddable":true,"href":"https:\/\/ondavioleta.com\/index.php?rest_route=%2Fwp%2Fv2%2Ftags&post=817"}],"curies":[{"name":"wp","href":"https:\/\/api.w.org\/{rel}","templated":true}]}}