{"id":803,"date":"2023-08-07T14:16:50","date_gmt":"2023-08-07T12:16:50","guid":{"rendered":"https:\/\/ondavioleta.com\/?p=803"},"modified":"2023-10-28T17:49:00","modified_gmt":"2023-10-28T15:49:00","slug":"problemas-de-barrio","status":"publish","type":"post","link":"https:\/\/ondavioleta.com\/?p=803","title":{"rendered":"Problemas de Barrio"},"content":{"rendered":"\n<figure class=\"wp-block-gallery has-nested-images columns-default is-cropped wp-block-gallery-1 is-layout-flex wp-block-gallery-is-layout-flex\">\n<figure class=\"wp-block-image size-large is-style-rounded\"><img loading=\"lazy\" decoding=\"async\" width=\"1279\" height=\"960\" data-id=\"806\" src=\"https:\/\/ondavioleta.com\/wp-content\/uploads\/2023\/08\/WhatsApp-Image-2023-08-05-at-00.52.40-edited.jpeg\" alt=\"\" class=\"wp-image-806\" srcset=\"https:\/\/ondavioleta.com\/wp-content\/uploads\/2023\/08\/WhatsApp-Image-2023-08-05-at-00.52.40-edited.jpeg 1279w, https:\/\/ondavioleta.com\/wp-content\/uploads\/2023\/08\/WhatsApp-Image-2023-08-05-at-00.52.40-edited-300x225.jpeg 300w, https:\/\/ondavioleta.com\/wp-content\/uploads\/2023\/08\/WhatsApp-Image-2023-08-05-at-00.52.40-edited-1024x769.jpeg 1024w, https:\/\/ondavioleta.com\/wp-content\/uploads\/2023\/08\/WhatsApp-Image-2023-08-05-at-00.52.40-edited-768x576.jpeg 768w, https:\/\/ondavioleta.com\/wp-content\/uploads\/2023\/08\/WhatsApp-Image-2023-08-05-at-00.52.40-edited-360x270.jpeg 360w\" sizes=\"auto, (max-width: 1279px) 100vw, 1279px\" \/><\/figure>\n<\/figure>\n\n\n\n<p>En este programa especial de \u00abProblemas de Barrio\u00bb, contamos con la presencia de diferentes agrupaciones vecinales que plantear\u00e1n al nuevo concejal del distrito, Jos\u00e9 Antonio Mart\u00ednez P\u00e1ramo, los problemas a los que se enfrentan.<\/p>\n\n\n\n<p> Mayte, de la \u00abPlataforma Vecinal de defensa del Polideportivo Vicente del Bosque\u00bb, nos contar\u00e1 qu\u00e9 ocurre con este espacio municipal cuya piscina est\u00e1 cerrada al p\u00fablico desde hace ya 3 a\u00f1os.<\/p>\n\n\n\n<p> Fernando, miembro del colectivo \u00abM\u00e1s Capacidades\u00bb y coordinador de la \u00abComisi\u00f3n de Diversidad Funcional de la FRAVM\u00bb, explicar\u00e1 ante el concejal qu\u00e9 dificultades se encuentran d\u00eda a d\u00eda las personas con discapacidad en el distrito y cu\u00e1les son sus necesidades m\u00e1s apremiantes.<\/p>\n\n\n\n<p> Por otro lado, Emilia, vecina del barrio de la Paz y miembro de la \u00abPlataforma contra el cant\u00f3n de la colonia de San Enrique\u00bb, expondr\u00e1 ante el concejal las preocupaciones que tienen los vecinos con respecto a la colocaci\u00f3n de un dispositivo de limpieza municipal frente a sus viviendas. <\/p>\n\n\n\n<p>Desde Onda Violeta, la \u00fanica radio comunitaria del distrito Fuencarral-El Pardo, agradecemos la disposici\u00f3n del nuevo concejal Jos\u00e9 Antonio Mart\u00ednez P\u00e1ramo para acudir al programa y dar respuestas a estas agrupaciones vecinales.<\/p>\n\n\n\n<audio class=\"wp-audio-shortcode\" id=\"audio-803-1\" preload=\"none\" style=\"width: 100%;\" controls=\"controls\"><source type=\"audio\/mpeg\" src=\"https:\/\/www.ivoox.com\/problemas-barrio-hoy-concejal-del_md_113815466_wp_1.mp3?_=1\" \/><a href=\"https:\/\/www.ivoox.com\/problemas-barrio-hoy-concejal-del_md_113815466_wp_1.mp3\">https:\/\/www.ivoox.com\/problemas-barrio-hoy-concejal-del_md_113815466_wp_1.mp3<\/a><\/audio>\n","protected":false},"excerpt":{"rendered":"<p>En este programa especial de \u00abProblemas de Barrio\u00bb, contamos con la presencia de diferentes agrupaciones vecinales que plantear\u00e1n al nuevo concejal del distrito, Jos\u00e9 Antonio Mart\u00ednez P\u00e1ramo, los problemas a los que se enfrentan.<\/p>\n","protected":false},"author":17,"featured_media":809,"comment_status":"open","ping_status":"open","sticky":false,"template":"","format":"standard","meta":{"footnotes":""},"categories":[33],"tags":[36,35,37,38,40,39,29,34],"class_list":["post-803","post","type-post","status-publish","format-standard","has-post-thumbnail","hentry","category-problemas-de-barrio","tag-canton-san-enrique","tag-concejal","tag-diversidad-funcional","tag-fuencarral-el-pardo","tag-la-flor","tag-onda-violeta","tag-polideportivo-vicente-del-bosque","tag-problemas-de-barrio"],"_links":{"self":[{"href":"https:\/\/ondavioleta.com\/index.php?rest_route=\/wp\/v2\/posts\/803","targetHints":{"allow":["GET"]}}],"collection":[{"href":"https:\/\/ondavioleta.com\/index.php?rest_route=\/wp\/v2\/posts"}],"about":[{"href":"https:\/\/ondavioleta.com\/index.php?rest_route=\/wp\/v2\/types\/post"}],"author":[{"embeddable":true,"href":"https:\/\/ondavioleta.com\/index.php?rest_route=\/wp\/v2\/users\/17"}],"replies":[{"embeddable":true,"href":"https:\/\/ondavioleta.com\/index.php?rest_route=%2Fwp%2Fv2%2Fcomments&post=803"}],"version-history":[{"count":4,"href":"https:\/\/ondavioleta.com\/index.php?rest_route=\/wp\/v2\/posts\/803\/revisions"}],"predecessor-version":[{"id":816,"href":"https:\/\/ondavioleta.com\/index.php?rest_route=\/wp\/v2\/posts\/803\/revisions\/816"}],"wp:featuredmedia":[{"embeddable":true,"href":"https:\/\/ondavioleta.com\/index.php?rest_route=\/wp\/v2\/media\/809"}],"wp:attachment":[{"href":"https:\/\/ondavioleta.com\/index.php?rest_route=%2Fwp%2Fv2%2Fmedia&parent=803"}],"wp:term":[{"taxonomy":"category","embeddable":true,"href":"https:\/\/ondavioleta.com\/index.php?rest_route=%2Fwp%2Fv2%2Fcategories&post=803"},{"taxonomy":"post_tag","embeddable":true,"href":"https:\/\/ondavioleta.com\/index.php?rest_route=%2Fwp%2Fv2%2Ftags&post=803"}],"curies":[{"name":"wp","href":"https:\/\/api.w.org\/{rel}","templated":true}]}}