{"id":1101,"date":"2026-05-01T00:56:20","date_gmt":"2026-04-30T22:56:20","guid":{"rendered":"https:\/\/ondavioleta.com\/?p=1101"},"modified":"2026-05-01T00:56:59","modified_gmt":"2026-04-30T22:56:59","slug":"los-origenes-del-primero-de-mayo","status":"publish","type":"post","link":"https:\/\/ondavioleta.com\/?p=1101","title":{"rendered":"Los or\u00edgenes del Primero de Mayo"},"content":{"rendered":"\n<p>Charlamos con Andra Rioja, abogada lanoralista en CGT Confederal, vecina del Barrio del Pilar y compa\u00f1era del Centro Social la Piluka sobre los or\u00edgenes del 1 de mayo como homenaje a las luchas del movimiento obrero para lograr mejoras materiales para los y las trabajadoras. Analizamos tambi\u00e9n el papel actual de los sindicatos y la oposici\u00f3n patronal a cualquier avance en los derechos laborales, no porque sea m\u00e1s o menos o justo, sino porque de la precariedad laboral dependen los beneficios de la clase capitalista. Y adem\u00e1s, Andrea nos da unas claves de autodefensa laboral para que tu jefe no te tongue. Esperamos que os guste.<\/p>\n\n\n\n<iframe src=\"https:\/\/www.ivoox.com\/player_ej_172894607_6_1.html?c1=8f4a44\" width=\"100%\" height=\"200\" frameborder=\"0\" allowfullscreen=\"\" scrolling=\"no\" loading=\"lazy\"><\/iframe>\n\n\n\n<p><\/p>\n\n\n\n<figure class=\"wp-block-image size-large\"><img loading=\"lazy\" decoding=\"async\" width=\"802\" height=\"1024\" src=\"https:\/\/ondavioleta.com\/wp-content\/uploads\/2026\/05\/Portada-ep7-802x1024.jpg\" alt=\"\" class=\"wp-image-1102\" srcset=\"https:\/\/ondavioleta.com\/wp-content\/uploads\/2026\/05\/Portada-ep7-802x1024.jpg 802w, https:\/\/ondavioleta.com\/wp-content\/uploads\/2026\/05\/Portada-ep7-235x300.jpg 235w, https:\/\/ondavioleta.com\/wp-content\/uploads\/2026\/05\/Portada-ep7-768x981.jpg 768w, https:\/\/ondavioleta.com\/wp-content\/uploads\/2026\/05\/Portada-ep7-211x270.jpg 211w, https:\/\/ondavioleta.com\/wp-content\/uploads\/2026\/05\/Portada-ep7.jpg 1004w\" sizes=\"auto, (max-width: 802px) 100vw, 802px\" \/><\/figure>\n","protected":false},"excerpt":{"rendered":"<p>Charlamos con Andra Rioja, abogada lanoralista en CGT Confederal, vecina del Barrio del Pilar y compa\u00f1era del Centro Social la Piluka sobre los or\u00edgenes del 1 de mayo como homenaje a las luchas del movimiento obrero para lograr mejoras materiales <a href=\"https:\/\/ondavioleta.com\/?p=1101\" class=\"read-more\">Leer m\u00e1s&#8230;<\/a><\/p>\n","protected":false},"author":26,"featured_media":0,"comment_status":"closed","ping_status":"open","sticky":false,"template":"","format":"standard","meta":{"footnotes":""},"categories":[69,1],"tags":[],"class_list":["post-1101","post","type-post","status-publish","format-standard","hentry","category-cronicas-marxianas","category-sin-categoria"],"_links":{"self":[{"href":"https:\/\/ondavioleta.com\/index.php?rest_route=\/wp\/v2\/posts\/1101","targetHints":{"allow":["GET"]}}],"collection":[{"href":"https:\/\/ondavioleta.com\/index.php?rest_route=\/wp\/v2\/posts"}],"about":[{"href":"https:\/\/ondavioleta.com\/index.php?rest_route=\/wp\/v2\/types\/post"}],"author":[{"embeddable":true,"href":"https:\/\/ondavioleta.com\/index.php?rest_route=\/wp\/v2\/users\/26"}],"replies":[{"embeddable":true,"href":"https:\/\/ondavioleta.com\/index.php?rest_route=%2Fwp%2Fv2%2Fcomments&post=1101"}],"version-history":[{"count":1,"href":"https:\/\/ondavioleta.com\/index.php?rest_route=\/wp\/v2\/posts\/1101\/revisions"}],"predecessor-version":[{"id":1103,"href":"https:\/\/ondavioleta.com\/index.php?rest_route=\/wp\/v2\/posts\/1101\/revisions\/1103"}],"wp:attachment":[{"href":"https:\/\/ondavioleta.com\/index.php?rest_route=%2Fwp%2Fv2%2Fmedia&parent=1101"}],"wp:term":[{"taxonomy":"category","embeddable":true,"href":"https:\/\/ondavioleta.com\/index.php?rest_route=%2Fwp%2Fv2%2Fcategories&post=1101"},{"taxonomy":"post_tag","embeddable":true,"href":"https:\/\/ondavioleta.com\/index.php?rest_route=%2Fwp%2Fv2%2Ftags&post=1101"}],"curies":[{"name":"wp","href":"https:\/\/api.w.org\/{rel}","templated":true}]}}