{"id":1098,"date":"2026-04-28T20:10:45","date_gmt":"2026-04-28T18:10:45","guid":{"rendered":"https:\/\/ondavioleta.com\/?p=1098"},"modified":"2026-04-28T20:10:46","modified_gmt":"2026-04-28T18:10:46","slug":"entrevista-a-hija-de-victima-de-los-protocolos-de-la-verguenza-en-las-residencias-de-la-comunidad-de-madrid","status":"publish","type":"post","link":"https:\/\/ondavioleta.com\/?p=1098","title":{"rendered":"Entrevista a hija de v\u00edctima de los protocolos de la verg\u00fcenza en las residencias de la Comunidad de Madrid"},"content":{"rendered":"\n<p>En la concentraci\u00f3n del pasado s\u00e1bado 25 de abril, convocada por Marea de Residencias en la plaza del Museo Reina Sof\u00eda de Madrid, ofrecemos el testimonio de Bego\u00f1a, hija de una mujer v\u00edctima de los protocolos de la verg\u00fcenza establecidos por el gobierno de la Comunidad de Madrid.<\/p>\n\n\n\n<p>Nos cuenta la terrible experiencia que tuvieron que sufrir como consecuencia de las instrucciones dadas por el gobierno de Ayuso.<\/p>\n\n\n\n<iframe src=\"https:\/\/www.ivoox.com\/player_ej_172735405_6_1.html?c1=9c328b\" width=\"100%\" height=\"200\" frameborder=\"0\" allowfullscreen=\"\" scrolling=\"no\" loading=\"lazy\"><\/iframe>\n","protected":false},"excerpt":{"rendered":"<p>En la concentraci\u00f3n del pasado s\u00e1bado 25 de abril, convocada por Marea de Residencias en la plaza del Museo Reina Sof\u00eda de Madrid, ofrecemos el testimonio de Bego\u00f1a, hija de una mujer v\u00edctima de los protocolos de la verg\u00fcenza establecidos <a href=\"https:\/\/ondavioleta.com\/?p=1098\" class=\"read-more\">Leer m\u00e1s&#8230;<\/a><\/p>\n","protected":false},"author":2,"featured_media":0,"comment_status":"closed","ping_status":"open","sticky":false,"template":"","format":"standard","meta":{"footnotes":""},"categories":[1],"tags":[],"class_list":["post-1098","post","type-post","status-publish","format-standard","hentry","category-sin-categoria"],"_links":{"self":[{"href":"https:\/\/ondavioleta.com\/index.php?rest_route=\/wp\/v2\/posts\/1098","targetHints":{"allow":["GET"]}}],"collection":[{"href":"https:\/\/ondavioleta.com\/index.php?rest_route=\/wp\/v2\/posts"}],"about":[{"href":"https:\/\/ondavioleta.com\/index.php?rest_route=\/wp\/v2\/types\/post"}],"author":[{"embeddable":true,"href":"https:\/\/ondavioleta.com\/index.php?rest_route=\/wp\/v2\/users\/2"}],"replies":[{"embeddable":true,"href":"https:\/\/ondavioleta.com\/index.php?rest_route=%2Fwp%2Fv2%2Fcomments&post=1098"}],"version-history":[{"count":1,"href":"https:\/\/ondavioleta.com\/index.php?rest_route=\/wp\/v2\/posts\/1098\/revisions"}],"predecessor-version":[{"id":1099,"href":"https:\/\/ondavioleta.com\/index.php?rest_route=\/wp\/v2\/posts\/1098\/revisions\/1099"}],"wp:attachment":[{"href":"https:\/\/ondavioleta.com\/index.php?rest_route=%2Fwp%2Fv2%2Fmedia&parent=1098"}],"wp:term":[{"taxonomy":"category","embeddable":true,"href":"https:\/\/ondavioleta.com\/index.php?rest_route=%2Fwp%2Fv2%2Fcategories&post=1098"},{"taxonomy":"post_tag","embeddable":true,"href":"https:\/\/ondavioleta.com\/index.php?rest_route=%2Fwp%2Fv2%2Ftags&post=1098"}],"curies":[{"name":"wp","href":"https:\/\/api.w.org\/{rel}","templated":true}]}}