{"id":1065,"date":"2026-03-17T18:54:09","date_gmt":"2026-03-17T17:54:09","guid":{"rendered":"https:\/\/ondavioleta.com\/?p=1065"},"modified":"2026-03-17T18:54:11","modified_gmt":"2026-03-17T17:54:11","slug":"intervencion-de-rufino-asoc-vecinal-la-flor-en-la-celebracion-del-8m-en-el-centro-de-mayores-de-tarancon-cuenca","status":"publish","type":"post","link":"https:\/\/ondavioleta.com\/?p=1065","title":{"rendered":"Intervenci\u00f3n de Rufino (Asoc. Vecinal La Flor) en la celebraci\u00f3n del 8M en el Centro de Mayores de Taranc\u00f3n (Cuenca)"},"content":{"rendered":"\n<p>Ofrecemos la intervenci\u00f3n de Rufino, fundador de la la asociaci\u00f3n cultural Expresiones y socio de la Asociaci\u00f3n Vecinal La Flor, dentro de los actos conmemorativos del 8M en el Centro de Mayores de Taranc\u00f3n (Cuenca).<\/p>\n\n\n\n<iframe src=\"https:\/\/www.ivoox.com\/player_ej_170286282_6_1.html?c1=393937\" width=\"100%\" height=\"200\" frameborder=\"0\" allowfullscreen=\"\" scrolling=\"no\" loading=\"lazy\"><\/iframe>\n","protected":false},"excerpt":{"rendered":"<p>Ofrecemos la intervenci\u00f3n de Rufino, fundador de la la asociaci\u00f3n cultural Expresiones y socio de la Asociaci\u00f3n Vecinal La Flor, dentro de los actos conmemorativos del 8M en el Centro de Mayores de Taranc\u00f3n (Cuenca).<\/p>\n","protected":false},"author":2,"featured_media":0,"comment_status":"closed","ping_status":"open","sticky":false,"template":"","format":"standard","meta":{"footnotes":""},"categories":[1],"tags":[],"class_list":["post-1065","post","type-post","status-publish","format-standard","hentry","category-sin-categoria"],"_links":{"self":[{"href":"https:\/\/ondavioleta.com\/index.php?rest_route=\/wp\/v2\/posts\/1065","targetHints":{"allow":["GET"]}}],"collection":[{"href":"https:\/\/ondavioleta.com\/index.php?rest_route=\/wp\/v2\/posts"}],"about":[{"href":"https:\/\/ondavioleta.com\/index.php?rest_route=\/wp\/v2\/types\/post"}],"author":[{"embeddable":true,"href":"https:\/\/ondavioleta.com\/index.php?rest_route=\/wp\/v2\/users\/2"}],"replies":[{"embeddable":true,"href":"https:\/\/ondavioleta.com\/index.php?rest_route=%2Fwp%2Fv2%2Fcomments&post=1065"}],"version-history":[{"count":1,"href":"https:\/\/ondavioleta.com\/index.php?rest_route=\/wp\/v2\/posts\/1065\/revisions"}],"predecessor-version":[{"id":1066,"href":"https:\/\/ondavioleta.com\/index.php?rest_route=\/wp\/v2\/posts\/1065\/revisions\/1066"}],"wp:attachment":[{"href":"https:\/\/ondavioleta.com\/index.php?rest_route=%2Fwp%2Fv2%2Fmedia&parent=1065"}],"wp:term":[{"taxonomy":"category","embeddable":true,"href":"https:\/\/ondavioleta.com\/index.php?rest_route=%2Fwp%2Fv2%2Fcategories&post=1065"},{"taxonomy":"post_tag","embeddable":true,"href":"https:\/\/ondavioleta.com\/index.php?rest_route=%2Fwp%2Fv2%2Ftags&post=1065"}],"curies":[{"name":"wp","href":"https:\/\/api.w.org\/{rel}","templated":true}]}}